{"id":321,"date":"2024-03-04T10:28:31","date_gmt":"2024-03-04T10:28:31","guid":{"rendered":"https:\/\/researchcompetences.us.edu.pl\/?p=321"},"modified":"2024-03-01T10:30:13","modified_gmt":"2024-03-01T10:30:13","slug":"jak-zbadac-swoje-kompetencje-za-pomoca-naszych-narzedzi-zbadaj-kompetencje-za-pomoca-pytan","status":"publish","type":"post","link":"https:\/\/researchcompetences.us.edu.pl\/index.php\/2024\/03\/04\/jak-zbadac-swoje-kompetencje-za-pomoca-naszych-narzedzi-zbadaj-kompetencje-za-pomoca-pytan\/","title":{"rendered":"Jak zbada\u0107 swoje kompetencje za pomoc\u0105 naszych narz\u0119dzi? Zbadaj kompetencje za pomoc\u0105 pyta\u0144"},"content":{"rendered":"\n<p>Je\u015bli jeste\u015b naukowcem, pracujesz w projekcie naukowych lub jeste\u015b zatrudniony jako pracownik badawczo-dydaktyczny lub badawczy na uczelni, mo\u017cesz zbada\u0107 swoje kompetencje na dwa sposoby. Pierwszy z nich to testy kompetencyjne. Spos\u00f3b ten nazwali\u015bmy badanie kompetencji za pomoc\u0105 pyta\u0144.<\/p>\n\n\n\n<p>Takie testy kompetencyjne sk\u0142adaj\u0105 si\u0119 z pyta\u0144 dotycz\u0105cych konkretnych sytuacji w twojej pracy naukowej, w kt\u00f3rych musisz podj\u0105\u0107 decyzje lub dzia\u0142ania. Pytania u\u0142o\u017cyli\u015bmy w gronie ekspert\u00f3w pracownik\u00f3w Interdyscyplinarnego Centrum Rozwoju Kadr oraz ekspert\u00f3w zewn\u0119trznych. Przetestowali\u015bmy je na wybranej grupie pracownik\u00f3w i zweryfikowali\u015bmy pod k\u0105tem merytorycznym. Z jednej strony s\u0105 to pytania na tyle uniwersalne, \u017ce mo\u017cesz na nie odpowiedzie\u0107 niezale\u017cnie od dyscypliny naukowej, kt\u00f3r\u0105 reprezentujesz. Z drugiej strony pytania te dotycz\u0105 szczeg\u00f3\u0142owych sytuacji w pracy naukowej i sprawdzaj\u0105 twoj\u0105 wiedz\u0119 w pewnych obszarach aktywno\u015bci w roli pracownika nauki.<\/p>\n\n\n\n<p>Aby pozna\u0107 diagnoz\u0119 swoich kompetencji, kliknij w prawym g\u00f3rnym rogu przycisk ZBADAJ SWOJE KOMPETENCJE. Na tej stronie znajduje si\u0119 instrukcja, jak b\u0119dzie przebiega\u0107 badanie. Zajmie ono 15-20 minut i jest ca\u0142kowicie anonimowe! Nie b\u0119dziesz podawa\u0142 \u017cadnych danych, jedynie mo\u017cesz w metryczce wpisa\u0107 sta\u017c pracy, dyscyplin\u0119 naukow\u0105 i zajmowane stanowisko pracy.<\/p>\n\n\n\n<p>Nast\u0119pnie kliknij SPRAWD\u0179 SWOJE KOMPETENCJE ZA POMOC\u0104 PYTA\u0143. Pojawi si\u0119 wyb\u00f3r, czy jeste\u015b nowym u\u017cytkownikiem lub czy ju\u017c wcze\u015bniej wype\u0142nia\u0142e\u015b testy kompetencyjne w naszym systemie. Je\u015bli jeste\u015b nowym u\u017cytkownikiem, kliknij DLA NOWEGO U\u017bYTKOWNIKA. Je\u015bli ju\u017c korzysta\u0142e\u015b z naszych narz\u0119dzi, masz kod, kt\u00f3ry mo\u017cesz wpisa\u0107 w okno obok i nacisn\u0105\u0107 SPRAWD\u0179 OCEN\u0118 TWOICH KOMPETENCJI, aby wr\u00f3ci\u0107 do swoich wynik\u00f3w.<\/p>\n\n\n\n<p>Je\u015bli jeste\u015b nowym u\u017cytkownikiem, na kolejnej stronie zobaczysz metryczk\u0119. Podaj tu 3 parametry, kt\u00f3re zoptymalizuj\u0105 zestaw pyta\u0144 na temat kompetencji dla ciebie. Szczeg\u00f3lne jest twoje stanowisko pracy, poniewa\u017c to kryterium bardzo r\u00f3\u017cnicuje pytania na temat kompetencji. Je\u015bli ju\u017c to wybra\u0142e\u015b, kliknij URUCHOM TEST KOMPETENCJI i odpowiedz na 45 pyta\u0144 jednokrotnego wyboru.<\/p>\n\n\n\n<p>Na koniec zobaczysz swoje wyniki na tle wzorcowych parametr\u00f3w, kt\u00f3re opracowali\u015bmy w projekcie DIALOG, o kt\u00f3rym mo\u017cesz przeczyta\u0107 tutaj:<\/p>\n\n\n\n<figure class=\"wp-block-embed is-type-wp-embed is-provider-interdyscyplinarne-centrum-rozwoju-kadr wp-block-embed-interdyscyplinarne-centrum-rozwoju-kadr\"><div class=\"wp-block-embed__wrapper\">\n<blockquote class=\"wp-embedded-content\" data-secret=\"fnqDj6YkO2\"><a href=\"https:\/\/us.edu.pl\/icrk\/inicjatywy\/\">inicjatywy<\/a><\/blockquote><iframe loading=\"lazy\" class=\"wp-embedded-content\" sandbox=\"allow-scripts\" security=\"restricted\" style=\"position: absolute; clip: rect(1px, 1px, 1px, 1px);\" title=\"&#8222;inicjatywy&#8221; &#8212; Interdyscyplinarne Centrum Rozwoju Kadr\" src=\"https:\/\/us.edu.pl\/icrk\/inicjatywy\/embed\/#?secret=gVoNFitQQA#?secret=fnqDj6YkO2\" data-secret=\"fnqDj6YkO2\" width=\"600\" height=\"338\" frameborder=\"0\" marginwidth=\"0\" marginheight=\"0\" scrolling=\"no\"><\/iframe>\n<\/div><\/figure>\n\n\n\n<p>W razie pyta\u0144, pisz do nas na adres: <a href=\"mailto:icrk@us.edu.pl\">icrk@us.edu.pl<\/a><\/p>\n","protected":false},"excerpt":{"rendered":"<p>Je\u015bli jeste\u015b naukowcem, pracujesz w projekcie naukowych lub jeste\u015b zatrudniony jako pracownik badawczo-dydaktyczny lub badawczy na uczelni, mo\u017cesz zbada\u0107 swoje kompetencje na dwa sposoby. Pierwszy z nich to testy kompetencyjne. Spos\u00f3b ten nazwali\u015bmy badanie kompetencji za pomoc\u0105 pyta\u0144. Takie testy kompetencyjne sk\u0142adaj\u0105 si\u0119 z pyta\u0144 dotycz\u0105cych konkretnych sytuacji w twojej pracy naukowej, w kt\u00f3rych musisz podj\u0105\u0107 decyzje lub dzia\u0142ania. Pytania u\u0142o\u017cyli\u015bmy w gronie ekspert\u00f3w pracownik\u00f3w Interdyscyplinarnego Centrum Rozwoju Kadr oraz ekspert\u00f3w zewn\u0119trznych. Przetestowali\u015bmy je na wybranej grupie pracownik\u00f3w i zweryfikowali\u015bmy pod k\u0105tem merytorycznym. Z jednej strony s\u0105 to pytania na tyle uniwersalne, \u017ce mo\u017cesz na nie odpowiedzie\u0107 niezale\u017cnie od dyscypliny<\/p>\n","protected":false},"author":2,"featured_media":322,"comment_status":"closed","ping_status":"closed","sticky":false,"template":"","format":"standard","meta":{"footnotes":""},"categories":[28],"tags":[48,38,88,236,40],"class_list":["post-321","post","type-post","status-publish","format-standard","has-post-thumbnail","hentry","category-o-kompetencjach","tag-badanie-kompetencji","tag-kompetencje","tag-procesy-badawcze","tag-testy-kompetencyjne","tag-zarzadzanie-przez-kompetencje"],"_links":{"self":[{"href":"https:\/\/researchcompetences.us.edu.pl\/index.php\/wp-json\/wp\/v2\/posts\/321","targetHints":{"allow":["GET"]}}],"collection":[{"href":"https:\/\/researchcompetences.us.edu.pl\/index.php\/wp-json\/wp\/v2\/posts"}],"about":[{"href":"https:\/\/researchcompetences.us.edu.pl\/index.php\/wp-json\/wp\/v2\/types\/post"}],"author":[{"embeddable":true,"href":"https:\/\/researchcompetences.us.edu.pl\/index.php\/wp-json\/wp\/v2\/users\/2"}],"replies":[{"embeddable":true,"href":"https:\/\/researchcompetences.us.edu.pl\/index.php\/wp-json\/wp\/v2\/comments?post=321"}],"version-history":[{"count":1,"href":"https:\/\/researchcompetences.us.edu.pl\/index.php\/wp-json\/wp\/v2\/posts\/321\/revisions"}],"predecessor-version":[{"id":323,"href":"https:\/\/researchcompetences.us.edu.pl\/index.php\/wp-json\/wp\/v2\/posts\/321\/revisions\/323"}],"wp:featuredmedia":[{"embeddable":true,"href":"https:\/\/researchcompetences.us.edu.pl\/index.php\/wp-json\/wp\/v2\/media\/322"}],"wp:attachment":[{"href":"https:\/\/researchcompetences.us.edu.pl\/index.php\/wp-json\/wp\/v2\/media?parent=321"}],"wp:term":[{"taxonomy":"category","embeddable":true,"href":"https:\/\/researchcompetences.us.edu.pl\/index.php\/wp-json\/wp\/v2\/categories?post=321"},{"taxonomy":"post_tag","embeddable":true,"href":"https:\/\/researchcompetences.us.edu.pl\/index.php\/wp-json\/wp\/v2\/tags?post=321"}],"curies":[{"name":"wp","href":"https:\/\/api.w.org\/{rel}","templated":true}]}}